{"id":4615,"date":"2019-01-23T12:00:36","date_gmt":"2019-01-23T12:00:36","guid":{"rendered":"http:\/\/museulourinha.org\/?p=4615"},"modified":"2024-04-30T15:04:12","modified_gmt":"2024-04-30T14:04:12","slug":"9a-edicao-2019","status":"publish","type":"post","link":"https:\/\/museulourinha.org\/en\/2019\/01\/23\/9a-edicao-2019\/","title":{"rendered":"9\u00aa Edi\u00e7\u00e3o"},"content":{"rendered":"<div data-elementor-type=\"wp-post\" data-elementor-id=\"4615\" class=\"elementor elementor-4615\">\n\t\t\t\t\t\t<section class=\"elementor-section elementor-top-section elementor-element elementor-element-79e671c3 elementor-section-boxed elementor-section-height-default elementor-section-height-default wpr-particle-no wpr-jarallax-no wpr-parallax-no wpr-sticky-section-no\" data-id=\"79e671c3\" data-element_type=\"section\">\n\t\t\t\t\t\t<div class=\"elementor-container elementor-column-gap-default\">\n\t\t\t\t\t<div class=\"elementor-column elementor-col-100 elementor-top-column elementor-element elementor-element-c554398\" data-id=\"c554398\" data-element_type=\"column\">\n\t\t\t<div class=\"elementor-widget-wrap elementor-element-populated\">\n\t\t\t\t\t\t<div class=\"elementor-element elementor-element-27b58b5a elementor-widget elementor-widget-text-editor\" data-id=\"27b58b5a\" data-element_type=\"widget\" data-widget_type=\"text-editor.default\">\n\t\t\t\t<div class=\"elementor-widget-container\">\n\t\t\t\t\t\t\t\t\t<p style=\"text-align: justify;\"><img fetchpriority=\"high\" decoding=\"async\" class=\"aligncenter wp-image-7280 size-large\" src=\"https:\/\/museulourinha.org\/wp-content\/uploads\/2024\/04\/Banner-CIID-2019-v2-1-750x201.jpg\" alt=\"\" width=\"750\" height=\"201\" srcset=\"https:\/\/museulourinha.org\/wp-content\/uploads\/2024\/04\/Banner-CIID-2019-v2-1-750x201.jpg 750w, https:\/\/museulourinha.org\/wp-content\/uploads\/2024\/04\/Banner-CIID-2019-v2-1-300x80.jpg 300w, https:\/\/museulourinha.org\/wp-content\/uploads\/2024\/04\/Banner-CIID-2019-v2-1-800x214.jpg 800w, https:\/\/museulourinha.org\/wp-content\/uploads\/2024\/04\/Banner-CIID-2019-v2-1-18x5.jpg 18w, https:\/\/museulourinha.org\/wp-content\/uploads\/2024\/04\/Banner-CIID-2019-v2-1.jpg 1000w\" sizes=\"(max-width: 750px) 100vw, 750px\" \/><\/p><table class=\"aligncenter\"><tbody><tr><td style=\"vertical-align: top; text-align: center; width: 421px;\"><p style=\"text-align: justify;\">O Grupo de Etnologia e Arqueologia da Lourinh\u00e3 (GEAL)\/Museu da Lourinh\u00e3 lan\u00e7ou a 9\u00aa edi\u00e7\u00e3o do Concurso Internacional de Ilustra\u00e7\u00e3o de Dinossauros (CIID). <span style=\"font-size: 1.0625rem;\">Esta edi\u00e7\u00e3o contou com o patroc\u00ednio da empresa PDL-Parque dos Dinossauros da Lourinh\u00e3.<\/span><\/p><p style=\"text-align: justify;\"><span style=\"text-align: justify;\">O CIID \u00e9 um concurso destinado a premiar ilustra\u00e7\u00f5es sobre a tem\u00e1tica dos dinossauros, e outras esp\u00e9cies j\u00e1 extintas, iniciado em 2000\/2001. No conjunto das suas edi\u00e7\u00f5es, foram submetidas um total de 516 obras, de 205 artistas, oriundos de 36 pa\u00edses, de 5 continentes.<\/span><\/p><p style=\"text-align: justify;\"><span style=\"text-align: justify;\">O j\u00fari desta edi\u00e7\u00e3o do concurso foi composto por paleont\u00f3logos e ilustradores de renome, nacional e internacional, e <\/span><span style=\"font-size: 1.0625rem;\">avaliaram as obras submetidas em v\u00e1rios par\u00e2metros, como as t\u00e9cnicas utilizadas e o rigor em que s\u00e3o apresentados os organismos representados. Assim, garantiu-se a<\/span><span style=\"font-size: 1.0625rem;\">\u00a0qualidade das obras premiadas.\u00a0<\/span><\/p><p style=\"text-align: justify;\"><span style=\"font-size: 1.0625rem;\">A divulga\u00e7\u00e3o das obras vencedoras desta edi\u00e7\u00e3o decorreu n<\/span><span style=\"font-size: 1.0625rem;\">o dia <strong>24 de junho<\/strong><\/span><span style=\"font-size: 1.0625rem;\">.<\/span><\/p><p style=\"text-align: justify;\"><span style=\"font-size: 1.0625rem;\">As obras submetidas a esta edi\u00e7\u00e3o do concurso encontram-se expostas na Galeria Municipal da Lourinh\u00e3, do Centro Cultural Dr. Afonso Rodrigues Pereira (na Lourinh\u00e3), at\u00e9 dia <strong>27 de julho<\/strong>. O p\u00fablico poder\u00e1 assim apreciar estas obras de arte, bem como, ficar a conhecer melhor o mundo em que estes seres antigos viviam.<\/span><\/p><p style=\"text-align: justify;\">Pode consultar o regulamento aqui (<a href=\"http:\/\/museulourinha.org\/wp-content\/uploads\/2019\/01\/CIID-2019-regulamento-PT.pdf\">PT<\/a>).<\/p><\/td><td style=\"vertical-align: top; text-align: center; width: 421px;\"><p style=\"text-align: justify;\">The <em>Grupo de Etnologia e Arqueologia da Lourinh\u00e3<\/em> (GEAL) \/ Museum of Lourinh\u00e3 launched the 9<sup>th<\/sup> edition of the International Dinosaur Illustration Contest (CIID). This edition was sponsored by the company PDL &#8211; <em>Parque dos Dinossauros da Lourinh\u00e3<\/em>.<\/p><p style=\"text-align: justify;\">CIID is a competition to reward illustrations about dinosaurs, and other already extinct species, that began in 2000\/2001. In all of its editions, a total of 516 works were submitted, of 205 artists, from 36 countries, from 5 continents.<\/p><p style=\"text-align: justify;\">The jury of this edition of the contest was composed by renowned palaeontologists and illustrators, national and international, who evaluated the submitted works in various parameters, such as the techniques used and the rigor in which the organisms are represented. Thus, the quality of the awarded works was guaranteed.<\/p><p style=\"text-align: justify;\">The announce of the awarded works of this edition took place on <strong>24<sup>th<\/sup> June<\/strong>.<\/p><p style=\"text-align: justify;\">The submitted works to this edition of the contest are displayed at the <em>Galeria Municipal da Lourinh\u00e3<\/em>, in the <em>Centro Cultural Dr. Afonso Rodrigues Pereira<\/em> (in Lourinh\u00e3), until <strong>27<sup>th<\/sup> July 2019<\/strong>. The public can thus appreciate these artworks, as well as, get to know better the world in which these ancient beings lived.<\/p><p style=\"text-align: justify;\">You can consult the guidelines here (<a href=\"http:\/\/museulourinha.org\/wp-content\/uploads\/2019\/01\/CIID-2019-guidelines-EN.pdf\">EN<\/a>).<\/p><\/td><\/tr><\/tbody><\/table><p>1\u00ba pr\u00e9mio:\u00a0 \u00a0 \u00a0 \u00a0 \u00a0 \u00a0 \u00a0 \u00a0 \u00a0 \u00a0 \u00a0 \u00a0 \u00a0 \u00a0 \u00a0 \u00a0 \u00a0 \u00a0 \u00a0 \u00a0 \u00a0 \u00a0 \u00a0 \u00a0 \u00a0<span style=\"font-size: 1.0625rem;\">2\u00ba pr\u00e9mio:\u00a0 \u00a0 \u00a0 \u00a0 \u00a0 \u00a0 \u00a0 \u00a0 \u00a0 \u00a0 \u00a0 \u00a0 \u00a0 \u00a0 \u00a0 \u00a0 \u00a0 \u00a0 \u00a0 \u00a0 \u00a0 \u00a0 \u00a0 \u00a0 \u00a0 \u00a0 <\/span><span style=\"font-size: 1.0625rem;\">3\u00ba pr\u00e9mio:<\/span><\/p><p><div id='gallery-1' class='gallery galleryid-4615 gallery-columns-3 gallery-size-thumbnail'><figure class='gallery-item'>\n\t\t\t<div class='gallery-icon landscape'>\n\t\t\t\t<a href='https:\/\/museulourinha.org\/en\/2019\/01\/23\/9a-edicao-2019\/2-b-zby-atlanticus-sergey-krasovskiy-2d\/'><img decoding=\"async\" width=\"150\" height=\"150\" data-src=\"https:\/\/museulourinha.org\/wp-content\/uploads\/2019\/01\/2-B-Zby-atlanticus-Sergey-Krasovskiy-2D-150x150.jpg\" class=\"attachment-thumbnail size-thumbnail lazyload\" alt=\"\" aria-describedby=\"gallery-1-4981\" data-srcset=\"https:\/\/museulourinha.org\/wp-content\/uploads\/2019\/01\/2-B-Zby-atlanticus-Sergey-Krasovskiy-2D-150x150.jpg 150w, https:\/\/museulourinha.org\/wp-content\/uploads\/2019\/01\/2-B-Zby-atlanticus-Sergey-Krasovskiy-2D-400x400.jpg 400w\" data-sizes=\"(max-width: 150px) 100vw, 150px\" src=\"data:image\/svg+xml;base64,PHN2ZyB3aWR0aD0iMSIgaGVpZ2h0PSIxIiB4bWxucz0iaHR0cDovL3d3dy53My5vcmcvMjAwMC9zdmciPjwvc3ZnPg==\" style=\"--smush-placeholder-width: 150px; --smush-placeholder-aspect-ratio: 150\/150;\" \/><\/a>\n\t\t\t<\/div>\n\t\t\t\t<figcaption class='wp-caption-text gallery-caption' id='gallery-1-4981'>\n\t\t\t\tAutor: Sergey Krasovskiy\n\t\t\t\t<\/figcaption><\/figure><figure class='gallery-item'>\n\t\t\t<div class='gallery-icon landscape'>\n\t\t\t\t<a href='https:\/\/museulourinha.org\/en\/2019\/01\/23\/9a-edicao-2019\/9-a-pelagornis-miocaenus-sergio-ibarra-mellado\/'><img decoding=\"async\" width=\"150\" height=\"150\" data-src=\"https:\/\/museulourinha.org\/wp-content\/uploads\/2019\/01\/9-A-Pelagornis-miocaenus-S\u00e9rgio-Ibarra-Mellado-150x150.png\" class=\"attachment-thumbnail size-thumbnail lazyload\" alt=\"\" aria-describedby=\"gallery-1-4990\" data-srcset=\"https:\/\/museulourinha.org\/wp-content\/uploads\/2019\/01\/9-A-Pelagornis-miocaenus-S\u00e9rgio-Ibarra-Mellado-150x150.png 150w, https:\/\/museulourinha.org\/wp-content\/uploads\/2019\/01\/9-A-Pelagornis-miocaenus-S\u00e9rgio-Ibarra-Mellado-400x400.png 400w\" data-sizes=\"(max-width: 150px) 100vw, 150px\" src=\"data:image\/svg+xml;base64,PHN2ZyB3aWR0aD0iMSIgaGVpZ2h0PSIxIiB4bWxucz0iaHR0cDovL3d3dy53My5vcmcvMjAwMC9zdmciPjwvc3ZnPg==\" style=\"--smush-placeholder-width: 150px; --smush-placeholder-aspect-ratio: 150\/150;\" \/><\/a>\n\t\t\t<\/div>\n\t\t\t\t<figcaption class='wp-caption-text gallery-caption' id='gallery-1-4990'>\n\t\t\t\tAutor: S\u00e9rgio Ibarra Mellado\n\t\t\t\t<\/figcaption><\/figure><figure class='gallery-item'>\n\t\t\t<div class='gallery-icon landscape'>\n\t\t\t\t<a href='https:\/\/museulourinha.org\/en\/2019\/01\/23\/9a-edicao-2019\/3-a-swimmers-of-the-submerged-land-simone-giovanardi\/'><img decoding=\"async\" width=\"150\" height=\"150\" data-src=\"https:\/\/museulourinha.org\/wp-content\/uploads\/2019\/01\/3-A-Swimmers-of-the-submerged-land-Simone-Giovanardi-150x150.jpg\" class=\"attachment-thumbnail size-thumbnail lazyload\" alt=\"\" aria-describedby=\"gallery-1-4982\" data-srcset=\"https:\/\/museulourinha.org\/wp-content\/uploads\/2019\/01\/3-A-Swimmers-of-the-submerged-land-Simone-Giovanardi-150x150.jpg 150w, https:\/\/museulourinha.org\/wp-content\/uploads\/2019\/01\/3-A-Swimmers-of-the-submerged-land-Simone-Giovanardi-400x400.jpg 400w\" data-sizes=\"(max-width: 150px) 100vw, 150px\" src=\"data:image\/svg+xml;base64,PHN2ZyB3aWR0aD0iMSIgaGVpZ2h0PSIxIiB4bWxucz0iaHR0cDovL3d3dy53My5vcmcvMjAwMC9zdmciPjwvc3ZnPg==\" style=\"--smush-placeholder-width: 150px; --smush-placeholder-aspect-ratio: 150\/150;\" \/><\/a>\n\t\t\t<\/div>\n\t\t\t\t<figcaption class='wp-caption-text gallery-caption' id='gallery-1-4982'>\n\t\t\t\tAutor: Simone Giovanardi\n\t\t\t\t<\/figcaption><\/figure>\n\t\t<\/div>\n<\/p><p><span style=\"font-size: 1.0625rem;\">Men\u00e7\u00f5es Honrosas:<\/span><\/p><p><div id='gallery-2' class='gallery galleryid-4615 gallery-columns-3 gallery-size-thumbnail'><figure class='gallery-item'>\n\t\t\t<div class='gallery-icon portrait'>\n\t\t\t\t<a href='https:\/\/museulourinha.org\/en\/6-a-cyclotosaurus-naraserluki-ana-luz-2\/'><img decoding=\"async\" width=\"150\" height=\"150\" data-src=\"https:\/\/museulourinha.org\/wp-content\/uploads\/2024\/04\/6-A-Cyclotosaurus-naraserluki-Ana-Luz-2-150x150.jpg\" class=\"attachment-thumbnail size-thumbnail lazyload\" alt=\"\" data-srcset=\"https:\/\/museulourinha.org\/wp-content\/uploads\/2024\/04\/6-A-Cyclotosaurus-naraserluki-Ana-Luz-2-150x150.jpg 150w, https:\/\/museulourinha.org\/wp-content\/uploads\/2024\/04\/6-A-Cyclotosaurus-naraserluki-Ana-Luz-2-700x700.jpg 700w, https:\/\/museulourinha.org\/wp-content\/uploads\/2024\/04\/6-A-Cyclotosaurus-naraserluki-Ana-Luz-2-400x400.jpg 400w\" data-sizes=\"(max-width: 150px) 100vw, 150px\" src=\"data:image\/svg+xml;base64,PHN2ZyB3aWR0aD0iMSIgaGVpZ2h0PSIxIiB4bWxucz0iaHR0cDovL3d3dy53My5vcmcvMjAwMC9zdmciPjwvc3ZnPg==\" style=\"--smush-placeholder-width: 150px; --smush-placeholder-aspect-ratio: 150\/150;\" \/><\/a>\n\t\t\t<\/div><\/figure><figure class='gallery-item'>\n\t\t\t<div class='gallery-icon landscape'>\n\t\t\t\t<a href='https:\/\/museulourinha.org\/en\/2019\/01\/23\/9a-edicao-2019\/8-a-viagem-no-tempo-paula-vaz\/'><img decoding=\"async\" width=\"150\" height=\"150\" data-src=\"https:\/\/museulourinha.org\/wp-content\/uploads\/2019\/01\/8-A-Viagem-no-tempo-Paula-Vaz-150x150.jpg\" class=\"attachment-thumbnail size-thumbnail lazyload\" alt=\"\" aria-describedby=\"gallery-2-4988\" data-srcset=\"https:\/\/museulourinha.org\/wp-content\/uploads\/2019\/01\/8-A-Viagem-no-tempo-Paula-Vaz-150x150.jpg 150w, https:\/\/museulourinha.org\/wp-content\/uploads\/2019\/01\/8-A-Viagem-no-tempo-Paula-Vaz-400x400.jpg 400w\" data-sizes=\"(max-width: 150px) 100vw, 150px\" src=\"data:image\/svg+xml;base64,PHN2ZyB3aWR0aD0iMSIgaGVpZ2h0PSIxIiB4bWxucz0iaHR0cDovL3d3dy53My5vcmcvMjAwMC9zdmciPjwvc3ZnPg==\" style=\"--smush-placeholder-width: 150px; --smush-placeholder-aspect-ratio: 150\/150;\" \/><\/a>\n\t\t\t<\/div>\n\t\t\t\t<figcaption class='wp-caption-text gallery-caption' id='gallery-2-4988'>\n\t\t\t\tAutor: Paula Vaz\n\t\t\t\t<\/figcaption><\/figure><figure class='gallery-item'>\n\t\t\t<div class='gallery-icon portrait'>\n\t\t\t\t<a href='https:\/\/museulourinha.org\/en\/2019\/01\/23\/9a-edicao-2019\/5-a-a-amonite-uma-nova-era-de-mares-e-oceanos-sharon-mendes-2\/'><img decoding=\"async\" width=\"150\" height=\"150\" data-src=\"https:\/\/museulourinha.org\/wp-content\/uploads\/2019\/01\/5-A-A-Amonite-Uma-Nova-Era-de-Mares-e-Oceanos-Sharon-Mendes-1-150x150.jpg\" class=\"attachment-thumbnail size-thumbnail lazyload\" alt=\"\" aria-describedby=\"gallery-2-4992\" data-srcset=\"https:\/\/museulourinha.org\/wp-content\/uploads\/2019\/01\/5-A-A-Amonite-Uma-Nova-Era-de-Mares-e-Oceanos-Sharon-Mendes-1-150x150.jpg 150w, https:\/\/museulourinha.org\/wp-content\/uploads\/2019\/01\/5-A-A-Amonite-Uma-Nova-Era-de-Mares-e-Oceanos-Sharon-Mendes-1-400x400.jpg 400w\" data-sizes=\"(max-width: 150px) 100vw, 150px\" src=\"data:image\/svg+xml;base64,PHN2ZyB3aWR0aD0iMSIgaGVpZ2h0PSIxIiB4bWxucz0iaHR0cDovL3d3dy53My5vcmcvMjAwMC9zdmciPjwvc3ZnPg==\" style=\"--smush-placeholder-width: 150px; --smush-placeholder-aspect-ratio: 150\/150;\" \/><\/a>\n\t\t\t<\/div>\n\t\t\t\t<figcaption class='wp-caption-text gallery-caption' id='gallery-2-4992'>\n\t\t\t\tAutor: Sharon Mendes\n\t\t\t\t<\/figcaption><\/figure>\n\t\t<\/div>\n<\/p><p>Outros trabalhos submetidos:<\/p><p><div id='gallery-3' class='gallery galleryid-4615 gallery-columns-4 gallery-size-thumbnail'><figure class='gallery-item'>\n\t\t\t<div class='gallery-icon landscape'>\n\t\t\t\t<a href='https:\/\/museulourinha.org\/en\/2019\/01\/23\/9a-edicao-2019\/1-a-triceratops-joao-carlos-freitas\/'><img decoding=\"async\" width=\"150\" height=\"150\" data-src=\"https:\/\/museulourinha.org\/wp-content\/uploads\/2019\/01\/1-A-Triceratops-Jo\u00e3o-Carlos-Freitas-e1562336542631-150x150.jpg\" class=\"attachment-thumbnail size-thumbnail lazyload\" alt=\"\" aria-describedby=\"gallery-3-4979\" data-srcset=\"https:\/\/museulourinha.org\/wp-content\/uploads\/2019\/01\/1-A-Triceratops-Jo\u00e3o-Carlos-Freitas-e1562336542631-150x150.jpg 150w, https:\/\/museulourinha.org\/wp-content\/uploads\/2019\/01\/1-A-Triceratops-Jo\u00e3o-Carlos-Freitas-e1562336542631-400x400.jpg 400w\" data-sizes=\"(max-width: 150px) 100vw, 150px\" src=\"data:image\/svg+xml;base64,PHN2ZyB3aWR0aD0iMSIgaGVpZ2h0PSIxIiB4bWxucz0iaHR0cDovL3d3dy53My5vcmcvMjAwMC9zdmciPjwvc3ZnPg==\" style=\"--smush-placeholder-width: 150px; --smush-placeholder-aspect-ratio: 150\/150;\" \/><\/a>\n\t\t\t<\/div>\n\t\t\t\t<figcaption class='wp-caption-text gallery-caption' id='gallery-3-4979'>\n\t\t\t\tAutor: Jo\u00e3o Carlos Freitas\n\t\t\t\t<\/figcaption><\/figure><figure class='gallery-item'>\n\t\t\t<div class='gallery-icon landscape'>\n\t\t\t\t<a href='https:\/\/museulourinha.org\/en\/2019\/01\/23\/9a-edicao-2019\/2-a-sarcosuchus-vs-kryptops-sergey-krasovskiy-2d\/'><img decoding=\"async\" width=\"150\" height=\"150\" data-src=\"https:\/\/museulourinha.org\/wp-content\/uploads\/2019\/01\/2-A-Sarcosuchus-vs-Kryptops-Sergey-Krasovskiy-2D-150x150.jpg\" class=\"attachment-thumbnail size-thumbnail lazyload\" alt=\"\" aria-describedby=\"gallery-3-4980\" data-srcset=\"https:\/\/museulourinha.org\/wp-content\/uploads\/2019\/01\/2-A-Sarcosuchus-vs-Kryptops-Sergey-Krasovskiy-2D-150x150.jpg 150w, https:\/\/museulourinha.org\/wp-content\/uploads\/2019\/01\/2-A-Sarcosuchus-vs-Kryptops-Sergey-Krasovskiy-2D-400x400.jpg 400w\" data-sizes=\"(max-width: 150px) 100vw, 150px\" src=\"data:image\/svg+xml;base64,PHN2ZyB3aWR0aD0iMSIgaGVpZ2h0PSIxIiB4bWxucz0iaHR0cDovL3d3dy53My5vcmcvMjAwMC9zdmciPjwvc3ZnPg==\" style=\"--smush-placeholder-width: 150px; --smush-placeholder-aspect-ratio: 150\/150;\" \/><\/a>\n\t\t\t<\/div>\n\t\t\t\t<figcaption class='wp-caption-text gallery-caption' id='gallery-3-4980'>\n\t\t\t\tAutor: Sergey Krasovskiy\n\t\t\t\t<\/figcaption><\/figure><figure class='gallery-item'>\n\t\t\t<div class='gallery-icon portrait'>\n\t\t\t\t<a href='https:\/\/museulourinha.org\/en\/2019\/01\/23\/9a-edicao-2019\/4-a-dilophosaurus-wlamir-rodrigues\/'><img decoding=\"async\" width=\"150\" height=\"150\" data-src=\"https:\/\/museulourinha.org\/wp-content\/uploads\/2019\/01\/4-A-Dilophosaurus-Wlamir-Rodrigues-150x150.jpg\" class=\"attachment-thumbnail size-thumbnail lazyload\" alt=\"\" aria-describedby=\"gallery-3-4983\" data-srcset=\"https:\/\/museulourinha.org\/wp-content\/uploads\/2019\/01\/4-A-Dilophosaurus-Wlamir-Rodrigues-150x150.jpg 150w, https:\/\/museulourinha.org\/wp-content\/uploads\/2019\/01\/4-A-Dilophosaurus-Wlamir-Rodrigues-400x400.jpg 400w\" data-sizes=\"(max-width: 150px) 100vw, 150px\" src=\"data:image\/svg+xml;base64,PHN2ZyB3aWR0aD0iMSIgaGVpZ2h0PSIxIiB4bWxucz0iaHR0cDovL3d3dy53My5vcmcvMjAwMC9zdmciPjwvc3ZnPg==\" style=\"--smush-placeholder-width: 150px; --smush-placeholder-aspect-ratio: 150\/150;\" \/><\/a>\n\t\t\t<\/div>\n\t\t\t\t<figcaption class='wp-caption-text gallery-caption' id='gallery-3-4983'>\n\t\t\t\tAutor: Wlamir Rodrigues\n\t\t\t\t<\/figcaption><\/figure><figure class='gallery-item'>\n\t\t\t<div class='gallery-icon landscape'>\n\t\t\t\t<a href='https:\/\/museulourinha.org\/en\/2019\/01\/23\/9a-edicao-2019\/4-b-pterossauro-wlamir-rodrigues\/'><img decoding=\"async\" width=\"150\" height=\"150\" data-src=\"https:\/\/museulourinha.org\/wp-content\/uploads\/2019\/01\/4-B-Pterossauro-Wlamir-Rodrigues-150x150.jpg\" class=\"attachment-thumbnail size-thumbnail lazyload\" alt=\"\" aria-describedby=\"gallery-3-4984\" data-srcset=\"https:\/\/museulourinha.org\/wp-content\/uploads\/2019\/01\/4-B-Pterossauro-Wlamir-Rodrigues-150x150.jpg 150w, https:\/\/museulourinha.org\/wp-content\/uploads\/2019\/01\/4-B-Pterossauro-Wlamir-Rodrigues-400x400.jpg 400w\" data-sizes=\"(max-width: 150px) 100vw, 150px\" src=\"data:image\/svg+xml;base64,PHN2ZyB3aWR0aD0iMSIgaGVpZ2h0PSIxIiB4bWxucz0iaHR0cDovL3d3dy53My5vcmcvMjAwMC9zdmciPjwvc3ZnPg==\" style=\"--smush-placeholder-width: 150px; --smush-placeholder-aspect-ratio: 150\/150;\" \/><\/a>\n\t\t\t<\/div>\n\t\t\t\t<figcaption class='wp-caption-text gallery-caption' id='gallery-3-4984'>\n\t\t\t\tAutor: Wlamir Rodrigues\n\t\t\t\t<\/figcaption><\/figure><figure class='gallery-item'>\n\t\t\t<div class='gallery-icon landscape'>\n\t\t\t\t<a href='https:\/\/museulourinha.org\/en\/2019\/01\/23\/9a-edicao-2019\/7-a-torvosaurus-gurneyi-on-beach-floating-plesiosaur-body-with-pterosaurs-in-the-background-joris-groothoff\/'><img decoding=\"async\" width=\"150\" height=\"150\" data-src=\"https:\/\/museulourinha.org\/wp-content\/uploads\/2019\/01\/7-A-Torvosaurus-gurneyi-on-beach-floating-plesiosaur-body-with-pterosaurs-in-the-background-Joris-Groothoff-150x150.png\" class=\"attachment-thumbnail size-thumbnail lazyload\" alt=\"\" aria-describedby=\"gallery-3-4986\" data-srcset=\"https:\/\/museulourinha.org\/wp-content\/uploads\/2019\/01\/7-A-Torvosaurus-gurneyi-on-beach-floating-plesiosaur-body-with-pterosaurs-in-the-background-Joris-Groothoff-150x150.png 150w, https:\/\/museulourinha.org\/wp-content\/uploads\/2019\/01\/7-A-Torvosaurus-gurneyi-on-beach-floating-plesiosaur-body-with-pterosaurs-in-the-background-Joris-Groothoff-400x400.png 400w\" data-sizes=\"(max-width: 150px) 100vw, 150px\" src=\"data:image\/svg+xml;base64,PHN2ZyB3aWR0aD0iMSIgaGVpZ2h0PSIxIiB4bWxucz0iaHR0cDovL3d3dy53My5vcmcvMjAwMC9zdmciPjwvc3ZnPg==\" style=\"--smush-placeholder-width: 150px; --smush-placeholder-aspect-ratio: 150\/150;\" \/><\/a>\n\t\t\t<\/div>\n\t\t\t\t<figcaption class='wp-caption-text gallery-caption' id='gallery-3-4986'>\n\t\t\t\tAutor: Joris Groothoff\n\t\t\t\t<\/figcaption><\/figure><figure class='gallery-item'>\n\t\t\t<div class='gallery-icon landscape'>\n\t\t\t\t<a href='https:\/\/museulourinha.org\/en\/2019\/01\/23\/9a-edicao-2019\/7-b-mosasaurus-catching-styxosaurus-joris-groothoff\/'><img decoding=\"async\" width=\"150\" height=\"150\" data-src=\"https:\/\/museulourinha.org\/wp-content\/uploads\/2019\/01\/7-B-Mosasaurus-catching-Styxosaurus-Joris-Groothoff-150x150.png\" class=\"attachment-thumbnail size-thumbnail lazyload\" alt=\"\" aria-describedby=\"gallery-3-4987\" data-srcset=\"https:\/\/museulourinha.org\/wp-content\/uploads\/2019\/01\/7-B-Mosasaurus-catching-Styxosaurus-Joris-Groothoff-150x150.png 150w, https:\/\/museulourinha.org\/wp-content\/uploads\/2019\/01\/7-B-Mosasaurus-catching-Styxosaurus-Joris-Groothoff-400x400.png 400w\" data-sizes=\"(max-width: 150px) 100vw, 150px\" src=\"data:image\/svg+xml;base64,PHN2ZyB3aWR0aD0iMSIgaGVpZ2h0PSIxIiB4bWxucz0iaHR0cDovL3d3dy53My5vcmcvMjAwMC9zdmciPjwvc3ZnPg==\" style=\"--smush-placeholder-width: 150px; --smush-placeholder-aspect-ratio: 150\/150;\" \/><\/a>\n\t\t\t<\/div>\n\t\t\t\t<figcaption class='wp-caption-text gallery-caption' id='gallery-3-4987'>\n\t\t\t\tAutor: Joris Groothoff\n\t\t\t\t<\/figcaption><\/figure><figure class='gallery-item'>\n\t\t\t<div class='gallery-icon landscape'>\n\t\t\t\t<a href='https:\/\/museulourinha.org\/en\/2019\/01\/23\/9a-edicao-2019\/8-b-kosmoceras-paula-vaz\/'><img decoding=\"async\" width=\"150\" height=\"150\" data-src=\"https:\/\/museulourinha.org\/wp-content\/uploads\/2019\/01\/8-B-Kosmoceras-Paula-Vaz-150x150.jpg\" class=\"attachment-thumbnail size-thumbnail lazyload\" alt=\"\" aria-describedby=\"gallery-3-4989\" data-srcset=\"https:\/\/museulourinha.org\/wp-content\/uploads\/2019\/01\/8-B-Kosmoceras-Paula-Vaz-150x150.jpg 150w, https:\/\/museulourinha.org\/wp-content\/uploads\/2019\/01\/8-B-Kosmoceras-Paula-Vaz-400x400.jpg 400w\" data-sizes=\"(max-width: 150px) 100vw, 150px\" src=\"data:image\/svg+xml;base64,PHN2ZyB3aWR0aD0iMSIgaGVpZ2h0PSIxIiB4bWxucz0iaHR0cDovL3d3dy53My5vcmcvMjAwMC9zdmciPjwvc3ZnPg==\" style=\"--smush-placeholder-width: 150px; --smush-placeholder-aspect-ratio: 150\/150;\" \/><\/a>\n\t\t\t<\/div>\n\t\t\t\t<figcaption class='wp-caption-text gallery-caption' id='gallery-3-4989'>\n\t\t\t\tAutor: Paula Vaz\n\t\t\t\t<\/figcaption><\/figure>\n\t\t<\/div>\n<\/p>\t\t\t\t\t\t\t\t<\/div>\n\t\t\t\t<\/div>\n\t\t\t\t\t<\/div>\n\t\t<\/div>\n\t\t\t\t\t<\/div>\n\t\t<\/section>\n\t\t\t\t<\/div>","protected":false},"excerpt":{"rendered":"<p>O Grupo de Etnologia e Arqueologia da Lourinh\u00e3 (GEAL)\/Museu da Lourinh\u00e3 lan\u00e7ou a 9\u00aa edi\u00e7\u00e3o do Concurso Internacional de Ilustra\u00e7\u00e3o[Ler Mais &#8230;]<\/p>","protected":false},"author":8,"featured_media":0,"comment_status":"closed","ping_status":"open","sticky":false,"template":"","format":"standard","meta":{"footnotes":"","_links_to":"","_links_to_target":""},"categories":[68,77],"tags":[],"class_list":["post-4615","post","type-post","status-publish","format-standard","hentry","category-ciid","category-noticias"],"_links":{"self":[{"href":"https:\/\/museulourinha.org\/en\/wp-json\/wp\/v2\/posts\/4615","targetHints":{"allow":["GET"]}}],"collection":[{"href":"https:\/\/museulourinha.org\/en\/wp-json\/wp\/v2\/posts"}],"about":[{"href":"https:\/\/museulourinha.org\/en\/wp-json\/wp\/v2\/types\/post"}],"author":[{"embeddable":true,"href":"https:\/\/museulourinha.org\/en\/wp-json\/wp\/v2\/users\/8"}],"replies":[{"embeddable":true,"href":"https:\/\/museulourinha.org\/en\/wp-json\/wp\/v2\/comments?post=4615"}],"version-history":[{"count":6,"href":"https:\/\/museulourinha.org\/en\/wp-json\/wp\/v2\/posts\/4615\/revisions"}],"predecessor-version":[{"id":7284,"href":"https:\/\/museulourinha.org\/en\/wp-json\/wp\/v2\/posts\/4615\/revisions\/7284"}],"wp:attachment":[{"href":"https:\/\/museulourinha.org\/en\/wp-json\/wp\/v2\/media?parent=4615"}],"wp:term":[{"taxonomy":"category","embeddable":true,"href":"https:\/\/museulourinha.org\/en\/wp-json\/wp\/v2\/categories?post=4615"},{"taxonomy":"post_tag","embeddable":true,"href":"https:\/\/museulourinha.org\/en\/wp-json\/wp\/v2\/tags?post=4615"}],"curies":[{"name":"wp","href":"https:\/\/api.w.org\/{rel}","templated":true}]}}