{"id":4591,"date":"2019-01-21T14:00:40","date_gmt":"2019-01-21T14:00:40","guid":{"rendered":"http:\/\/museulourinha.org\/?p=4591"},"modified":"2019-01-22T11:04:21","modified_gmt":"2019-01-22T11:04:21","slug":"assinatura-de-protocolo-entre-o-municipio-da-lourinha-a-fct-unl-e-o-geal","status":"publish","type":"post","link":"https:\/\/museulourinha.org\/en\/2019\/01\/21\/assinatura-de-protocolo-entre-o-municipio-da-lourinha-a-fct-unl-e-o-geal\/","title":{"rendered":"Assinatura de Protocolo entre o Municipio da Lourinh\u00e3, a FCT-UNL e o GEAL"},"content":{"rendered":"<div style=\"text-align: justify;\">No \u00e2mbito do conv\u00e9nio existente entre a Faculdade de Ci\u00eancias e Tecnologia da Universidade Nova (FCT-UNL) e o GEAL, existente desde 1999, vai ser assinado um\u00a0<span class=\"il\">protocolo<\/span>\u00a0entre o Munic\u00edpio da Lourinh\u00e3 (ML), a FCT-UNL e o GEAL , no intuito de contribuir para o incremento do trabalho de investiga\u00e7\u00e3o cient\u00edfica no dom\u00ednio da paleontologia, nomeadamente, atrav\u00e9s da cria\u00e7\u00e3o e utiliza\u00e7\u00e3o de um espa\u00e7o denominado NovaPaleo. Este\u00a0<span style=\"font-size: 1.0625rem;\">espa\u00e7o \u00e9 disponibilizado pelo Munic\u00edpio da Lourinh\u00e3 e localiza-se no 1.\u00ba piso do Mercado Municipal da Lourinh\u00e3.<\/span><\/div>\n<div>\u00a0<\/div>\n<div class=\"news-resume\" style=\"text-align: justify;\"><span style=\"font-size: 1.0625rem;\">O protocolo de coopera\u00e7\u00e3o entre as referidas entidades\u00a0<\/span><span style=\"font-size: 1.0625rem;\">foi assinado n<\/span><span style=\"font-size: 1.0625rem;\">o dia 21 de janeiro,<\/span><span style=\"font-size: 1.0625rem;\">\u00a0<\/span><span style=\"font-size: 1.0625rem;\">no Sal\u00e3o Nobre dos Pa\u00e7os do Munic\u00edpio. A assinatura deste documento tem como objetivo valorizar e divulgar do patrim\u00f3nio paleontol\u00f3gico da Lourinh\u00e3, bem como, apoiar a forma\u00e7\u00e3o de estudantes e jovens investigadores nesta tem\u00e1tica.\u00a0<\/span><\/div>\n<div class=\"news-body\" style=\"text-align: justify;\">\n<p>O NovaPaleo destina-se \u00e0 realiza\u00e7\u00e3o de trabalhos de investiga\u00e7\u00e3o cient\u00edfica paleontol\u00f3gica sobre os materiais paleontol\u00f3gicos do GEAL e da FCT &#8211; UNL, bem como de outras poss\u00edveis institui\u00e7\u00f5es, permitindo assim o estudo comparativo entre mat\u00e9ria oriunda do nosso concelho e de outros pontos do Mundo.<\/p>\n<p>Com este protocolo, as entidades envolvidas pretendem melhorar as condi\u00e7\u00f5es dispon\u00edveis para alunos de paleontologia, independentemente do seu grau acad\u00e9mico, fomentando, assim, o estudo do rico esp\u00f3lio de f\u00f3sseis do jur\u00e1ssico que tem sido encontrado na Lourinh\u00e3 e o desenvolvimento de ci\u00eancia de excel\u00eancia.<\/p>\n<div id='gallery-1' class='gallery galleryid-4591 gallery-columns-3 gallery-size-thumbnail'><figure class='gallery-item'>\n\t\t\t<div class='gallery-icon landscape'>\n\t\t\t\t<a href='https:\/\/museulourinha.org\/en\/2019\/01\/21\/assinatura-de-protocolo-entre-o-municipio-da-lourinha-a-fct-unl-e-o-geal\/dav\/'><img decoding=\"async\" width=\"150\" height=\"150\" data-src=\"https:\/\/museulourinha.org\/wp-content\/uploads\/2019\/01\/IMG_20190121_121004-150x150.jpg\" class=\"attachment-thumbnail size-thumbnail lazyload\" alt=\"\" data-srcset=\"https:\/\/museulourinha.org\/wp-content\/uploads\/2019\/01\/IMG_20190121_121004-150x150.jpg 150w, https:\/\/museulourinha.org\/wp-content\/uploads\/2019\/01\/IMG_20190121_121004-400x400.jpg 400w\" data-sizes=\"(max-width: 150px) 100vw, 150px\" src=\"data:image\/svg+xml;base64,PHN2ZyB3aWR0aD0iMSIgaGVpZ2h0PSIxIiB4bWxucz0iaHR0cDovL3d3dy53My5vcmcvMjAwMC9zdmciPjwvc3ZnPg==\" style=\"--smush-placeholder-width: 150px; --smush-placeholder-aspect-ratio: 150\/150;\" \/><\/a>\n\t\t\t<\/div><\/figure><figure class='gallery-item'>\n\t\t\t<div class='gallery-icon portrait'>\n\t\t\t\t<a href='https:\/\/museulourinha.org\/en\/2019\/01\/21\/assinatura-de-protocolo-entre-o-municipio-da-lourinha-a-fct-unl-e-o-geal\/dav-2\/'><img decoding=\"async\" width=\"150\" height=\"150\" data-src=\"https:\/\/museulourinha.org\/wp-content\/uploads\/2019\/01\/IMG_20190121_121019-150x150.jpg\" class=\"attachment-thumbnail size-thumbnail lazyload\" alt=\"\" data-srcset=\"https:\/\/museulourinha.org\/wp-content\/uploads\/2019\/01\/IMG_20190121_121019-150x150.jpg 150w, https:\/\/museulourinha.org\/wp-content\/uploads\/2019\/01\/IMG_20190121_121019-400x400.jpg 400w\" data-sizes=\"(max-width: 150px) 100vw, 150px\" src=\"data:image\/svg+xml;base64,PHN2ZyB3aWR0aD0iMSIgaGVpZ2h0PSIxIiB4bWxucz0iaHR0cDovL3d3dy53My5vcmcvMjAwMC9zdmciPjwvc3ZnPg==\" style=\"--smush-placeholder-width: 150px; --smush-placeholder-aspect-ratio: 150\/150;\" \/><\/a>\n\t\t\t<\/div><\/figure><figure class='gallery-item'>\n\t\t\t<div class='gallery-icon portrait'>\n\t\t\t\t<a href='https:\/\/museulourinha.org\/en\/2019\/01\/21\/assinatura-de-protocolo-entre-o-municipio-da-lourinha-a-fct-unl-e-o-geal\/dav-3\/'><img decoding=\"async\" width=\"150\" height=\"150\" data-src=\"https:\/\/museulourinha.org\/wp-content\/uploads\/2019\/01\/IMG_20190121_121054-150x150.jpg\" class=\"attachment-thumbnail size-thumbnail lazyload\" alt=\"\" data-srcset=\"https:\/\/museulourinha.org\/wp-content\/uploads\/2019\/01\/IMG_20190121_121054-150x150.jpg 150w, https:\/\/museulourinha.org\/wp-content\/uploads\/2019\/01\/IMG_20190121_121054-400x400.jpg 400w\" data-sizes=\"(max-width: 150px) 100vw, 150px\" src=\"data:image\/svg+xml;base64,PHN2ZyB3aWR0aD0iMSIgaGVpZ2h0PSIxIiB4bWxucz0iaHR0cDovL3d3dy53My5vcmcvMjAwMC9zdmciPjwvc3ZnPg==\" style=\"--smush-placeholder-width: 150px; --smush-placeholder-aspect-ratio: 150\/150;\" \/><\/a>\n\t\t\t<\/div><\/figure><figure class='gallery-item'>\n\t\t\t<div class='gallery-icon portrait'>\n\t\t\t\t<a href='https:\/\/museulourinha.org\/en\/2019\/01\/21\/assinatura-de-protocolo-entre-o-municipio-da-lourinha-a-fct-unl-e-o-geal\/dig\/'><img decoding=\"async\" width=\"150\" height=\"150\" data-src=\"https:\/\/museulourinha.org\/wp-content\/uploads\/2019\/01\/IMG_20190121_121446-150x150.jpg\" class=\"attachment-thumbnail size-thumbnail lazyload\" alt=\"\" data-srcset=\"https:\/\/museulourinha.org\/wp-content\/uploads\/2019\/01\/IMG_20190121_121446-150x150.jpg 150w, https:\/\/museulourinha.org\/wp-content\/uploads\/2019\/01\/IMG_20190121_121446-400x400.jpg 400w\" data-sizes=\"(max-width: 150px) 100vw, 150px\" src=\"data:image\/svg+xml;base64,PHN2ZyB3aWR0aD0iMSIgaGVpZ2h0PSIxIiB4bWxucz0iaHR0cDovL3d3dy53My5vcmcvMjAwMC9zdmciPjwvc3ZnPg==\" style=\"--smush-placeholder-width: 150px; --smush-placeholder-aspect-ratio: 150\/150;\" \/><\/a>\n\t\t\t<\/div><\/figure><figure class='gallery-item'>\n\t\t\t<div class='gallery-icon portrait'>\n\t\t\t\t<a href='https:\/\/museulourinha.org\/en\/2019\/01\/21\/assinatura-de-protocolo-entre-o-municipio-da-lourinha-a-fct-unl-e-o-geal\/dig-2\/'><img decoding=\"async\" width=\"150\" height=\"150\" data-src=\"https:\/\/museulourinha.org\/wp-content\/uploads\/2019\/01\/IMG_20190121_121932-150x150.jpg\" class=\"attachment-thumbnail size-thumbnail lazyload\" alt=\"\" data-srcset=\"https:\/\/museulourinha.org\/wp-content\/uploads\/2019\/01\/IMG_20190121_121932-150x150.jpg 150w, https:\/\/museulourinha.org\/wp-content\/uploads\/2019\/01\/IMG_20190121_121932-400x400.jpg 400w\" data-sizes=\"(max-width: 150px) 100vw, 150px\" src=\"data:image\/svg+xml;base64,PHN2ZyB3aWR0aD0iMSIgaGVpZ2h0PSIxIiB4bWxucz0iaHR0cDovL3d3dy53My5vcmcvMjAwMC9zdmciPjwvc3ZnPg==\" style=\"--smush-placeholder-width: 150px; --smush-placeholder-aspect-ratio: 150\/150;\" \/><\/a>\n\t\t\t<\/div><\/figure><figure class='gallery-item'>\n\t\t\t<div class='gallery-icon landscape'>\n\t\t\t\t<a href='https:\/\/museulourinha.org\/en\/2019\/01\/21\/assinatura-de-protocolo-entre-o-municipio-da-lourinha-a-fct-unl-e-o-geal\/dav-4\/'><img decoding=\"async\" width=\"150\" height=\"150\" data-src=\"https:\/\/museulourinha.org\/wp-content\/uploads\/2019\/01\/IMG_20190121_122535-150x150.jpg\" class=\"attachment-thumbnail size-thumbnail lazyload\" alt=\"\" data-srcset=\"https:\/\/museulourinha.org\/wp-content\/uploads\/2019\/01\/IMG_20190121_122535-150x150.jpg 150w, https:\/\/museulourinha.org\/wp-content\/uploads\/2019\/01\/IMG_20190121_122535-400x400.jpg 400w\" data-sizes=\"(max-width: 150px) 100vw, 150px\" src=\"data:image\/svg+xml;base64,PHN2ZyB3aWR0aD0iMSIgaGVpZ2h0PSIxIiB4bWxucz0iaHR0cDovL3d3dy53My5vcmcvMjAwMC9zdmciPjwvc3ZnPg==\" style=\"--smush-placeholder-width: 150px; --smush-placeholder-aspect-ratio: 150\/150;\" \/><\/a>\n\t\t\t<\/div><\/figure><figure class='gallery-item'>\n\t\t\t<div class='gallery-icon landscape'>\n\t\t\t\t<a href='https:\/\/museulourinha.org\/en\/2019\/01\/21\/assinatura-de-protocolo-entre-o-municipio-da-lourinha-a-fct-unl-e-o-geal\/dav-5\/'><img decoding=\"async\" width=\"150\" height=\"150\" data-src=\"https:\/\/museulourinha.org\/wp-content\/uploads\/2019\/01\/IMG_20190121_122545-150x150.jpg\" class=\"attachment-thumbnail size-thumbnail lazyload\" alt=\"\" data-srcset=\"https:\/\/museulourinha.org\/wp-content\/uploads\/2019\/01\/IMG_20190121_122545-150x150.jpg 150w, https:\/\/museulourinha.org\/wp-content\/uploads\/2019\/01\/IMG_20190121_122545-400x400.jpg 400w\" data-sizes=\"(max-width: 150px) 100vw, 150px\" src=\"data:image\/svg+xml;base64,PHN2ZyB3aWR0aD0iMSIgaGVpZ2h0PSIxIiB4bWxucz0iaHR0cDovL3d3dy53My5vcmcvMjAwMC9zdmciPjwvc3ZnPg==\" style=\"--smush-placeholder-width: 150px; --smush-placeholder-aspect-ratio: 150\/150;\" \/><\/a>\n\t\t\t<\/div><\/figure><figure class='gallery-item'>\n\t\t\t<div class='gallery-icon landscape'>\n\t\t\t\t<a href='https:\/\/museulourinha.org\/en\/2019\/01\/21\/assinatura-de-protocolo-entre-o-municipio-da-lourinha-a-fct-unl-e-o-geal\/dig-3\/'><img decoding=\"async\" width=\"150\" height=\"150\" data-src=\"https:\/\/museulourinha.org\/wp-content\/uploads\/2019\/01\/IMG_20190121_122714-150x150.jpg\" class=\"attachment-thumbnail size-thumbnail lazyload\" alt=\"\" data-srcset=\"https:\/\/museulourinha.org\/wp-content\/uploads\/2019\/01\/IMG_20190121_122714-150x150.jpg 150w, https:\/\/museulourinha.org\/wp-content\/uploads\/2019\/01\/IMG_20190121_122714-400x400.jpg 400w\" data-sizes=\"(max-width: 150px) 100vw, 150px\" src=\"data:image\/svg+xml;base64,PHN2ZyB3aWR0aD0iMSIgaGVpZ2h0PSIxIiB4bWxucz0iaHR0cDovL3d3dy53My5vcmcvMjAwMC9zdmciPjwvc3ZnPg==\" style=\"--smush-placeholder-width: 150px; --smush-placeholder-aspect-ratio: 150\/150;\" \/><\/a>\n\t\t\t<\/div><\/figure><figure class='gallery-item'>\n\t\t\t<div class='gallery-icon landscape'>\n\t\t\t\t<a href='https:\/\/museulourinha.org\/en\/2019\/01\/21\/assinatura-de-protocolo-entre-o-municipio-da-lourinha-a-fct-unl-e-o-geal\/dav-6\/'><img decoding=\"async\" width=\"150\" height=\"150\" data-src=\"https:\/\/museulourinha.org\/wp-content\/uploads\/2019\/01\/IMG_20190121_124218-150x150.jpg\" class=\"attachment-thumbnail size-thumbnail lazyload\" alt=\"\" data-srcset=\"https:\/\/museulourinha.org\/wp-content\/uploads\/2019\/01\/IMG_20190121_124218-150x150.jpg 150w, https:\/\/museulourinha.org\/wp-content\/uploads\/2019\/01\/IMG_20190121_124218-400x400.jpg 400w\" data-sizes=\"(max-width: 150px) 100vw, 150px\" src=\"data:image\/svg+xml;base64,PHN2ZyB3aWR0aD0iMSIgaGVpZ2h0PSIxIiB4bWxucz0iaHR0cDovL3d3dy53My5vcmcvMjAwMC9zdmciPjwvc3ZnPg==\" style=\"--smush-placeholder-width: 150px; --smush-placeholder-aspect-ratio: 150\/150;\" \/><\/a>\n\t\t\t<\/div><\/figure><figure class='gallery-item'>\n\t\t\t<div class='gallery-icon landscape'>\n\t\t\t\t<a href='https:\/\/museulourinha.org\/en\/2019\/01\/21\/assinatura-de-protocolo-entre-o-municipio-da-lourinha-a-fct-unl-e-o-geal\/dav-7\/'><img decoding=\"async\" width=\"150\" height=\"150\" data-src=\"https:\/\/museulourinha.org\/wp-content\/uploads\/2019\/01\/IMG_20190121_124222-150x150.jpg\" class=\"attachment-thumbnail size-thumbnail lazyload\" alt=\"\" data-srcset=\"https:\/\/museulourinha.org\/wp-content\/uploads\/2019\/01\/IMG_20190121_124222-150x150.jpg 150w, https:\/\/museulourinha.org\/wp-content\/uploads\/2019\/01\/IMG_20190121_124222-400x400.jpg 400w\" data-sizes=\"(max-width: 150px) 100vw, 150px\" src=\"data:image\/svg+xml;base64,PHN2ZyB3aWR0aD0iMSIgaGVpZ2h0PSIxIiB4bWxucz0iaHR0cDovL3d3dy53My5vcmcvMjAwMC9zdmciPjwvc3ZnPg==\" style=\"--smush-placeholder-width: 150px; --smush-placeholder-aspect-ratio: 150\/150;\" \/><\/a>\n\t\t\t<\/div><\/figure><figure class='gallery-item'>\n\t\t\t<div class='gallery-icon landscape'>\n\t\t\t\t<a href='https:\/\/museulourinha.org\/en\/2019\/01\/21\/assinatura-de-protocolo-entre-o-municipio-da-lourinha-a-fct-unl-e-o-geal\/sdr\/'><img decoding=\"async\" width=\"150\" height=\"150\" data-src=\"https:\/\/museulourinha.org\/wp-content\/uploads\/2019\/01\/IMG_20190121_124451-150x150.jpg\" class=\"attachment-thumbnail size-thumbnail lazyload\" alt=\"\" data-srcset=\"https:\/\/museulourinha.org\/wp-content\/uploads\/2019\/01\/IMG_20190121_124451-150x150.jpg 150w, https:\/\/museulourinha.org\/wp-content\/uploads\/2019\/01\/IMG_20190121_124451-400x400.jpg 400w\" data-sizes=\"(max-width: 150px) 100vw, 150px\" src=\"data:image\/svg+xml;base64,PHN2ZyB3aWR0aD0iMSIgaGVpZ2h0PSIxIiB4bWxucz0iaHR0cDovL3d3dy53My5vcmcvMjAwMC9zdmciPjwvc3ZnPg==\" style=\"--smush-placeholder-width: 150px; --smush-placeholder-aspect-ratio: 150\/150;\" \/><\/a>\n\t\t\t<\/div><\/figure>\n\t\t<\/div>\n\n<\/div>","protected":false},"excerpt":{"rendered":"<p>No \u00e2mbito do conv\u00e9nio existente entre a Faculdade de Ci\u00eancias e Tecnologia da Universidade Nova (FCT-UNL) e o GEAL, existente[Ler Mais &#8230;]<\/p>","protected":false},"author":8,"featured_media":4592,"comment_status":"open","ping_status":"open","sticky":false,"template":"","format":"standard","meta":{"footnotes":"","_links_to":"","_links_to_target":""},"categories":[77],"tags":[],"class_list":["post-4591","post","type-post","status-publish","format-standard","has-post-thumbnail","hentry","category-noticias"],"_links":{"self":[{"href":"https:\/\/museulourinha.org\/en\/wp-json\/wp\/v2\/posts\/4591","targetHints":{"allow":["GET"]}}],"collection":[{"href":"https:\/\/museulourinha.org\/en\/wp-json\/wp\/v2\/posts"}],"about":[{"href":"https:\/\/museulourinha.org\/en\/wp-json\/wp\/v2\/types\/post"}],"author":[{"embeddable":true,"href":"https:\/\/museulourinha.org\/en\/wp-json\/wp\/v2\/users\/8"}],"replies":[{"embeddable":true,"href":"https:\/\/museulourinha.org\/en\/wp-json\/wp\/v2\/comments?post=4591"}],"version-history":[{"count":0,"href":"https:\/\/museulourinha.org\/en\/wp-json\/wp\/v2\/posts\/4591\/revisions"}],"wp:featuredmedia":[{"embeddable":true,"href":"https:\/\/museulourinha.org\/en\/wp-json\/wp\/v2\/media\/4592"}],"wp:attachment":[{"href":"https:\/\/museulourinha.org\/en\/wp-json\/wp\/v2\/media?parent=4591"}],"wp:term":[{"taxonomy":"category","embeddable":true,"href":"https:\/\/museulourinha.org\/en\/wp-json\/wp\/v2\/categories?post=4591"},{"taxonomy":"post_tag","embeddable":true,"href":"https:\/\/museulourinha.org\/en\/wp-json\/wp\/v2\/tags?post=4591"}],"curies":[{"name":"wp","href":"https:\/\/api.w.org\/{rel}","templated":true}]}}